{"id":5398,"date":"2022-05-08T22:17:16","date_gmt":"2022-05-08T20:17:16","guid":{"rendered":"http:\/\/www.ikopoland.com\/?p=5398"},"modified":"2022-05-31T21:06:12","modified_gmt":"2022-05-31T19:06:12","slug":"iii-black-belts-seminar-2022-28-25-2022-siemianowice-slaskie","status":"publish","type":"post","link":"https:\/\/www.ikopoland.com\/en\/iii-black-belts-seminar-2022-28-25-2022-siemianowice-slaskie\/","title":{"rendered":"III Black Belts Seminar 2022, 28.05.2022, Siemianowice \u015al\u0105skie"},"content":{"rendered":"\n<p>W dniu 28.05.2022 r w Siemianowicach \u015al\u0105skich odby\u0142a si\u0119 trzecia edycja Black Belt Seminar. Zgrupowanie by\u0142o przeznaczone dla posiadaczy czarnych pas\u00f3w, instruktor\u00f3w oraz zawodnik\u00f3w startuj\u0105cych w konkurencji kata senior. Trening obejmowa\u0142 kata po rekonstrukcji, bunkai oraz prawid\u0142owe wykonanie pod kontem przepis\u00f3w IKO. W seminarium wzi\u0119\u0142o udzia\u0142 100 uczestnik\u00f3w z klub\u00f3w z ca\u0142ego kraju w tym zawodnicy startuj\u0105cy w ME Warna 2022 oraz pi\u0119cioro Branch Chief IKO Poland, shihan Agnieszka Sypie\u0144 Wroc\u0142aw, Marek Wieczorek Olsztyn, Zbigniew Zieli\u0144ski Libi\u0105\u017c, Edward Urba\u0144czyk Katowice.&nbsp;<\/p>\n\n\n\n<p>Zgrupowanie prowadzi\u0142 Shihan Andrzej Manecki 5 dan Siemianowice \u015al\u0105skie.<\/p>\n\n\n\nngg_shortcode_0_placeholder\n\n\n\n<p><\/p>\n\n\n\n<hr class=\"wp-block-separator\"\/>\n\n\n\n<div class=\"wp-block-image\"><figure class=\"aligncenter size-large is-resized\"><a href=\"http:\/\/www.ikopoland.com\/wp-content\/uploads\/2022\/05\/III-BBA-Siem-28052022.jpeg\"><img loading=\"lazy\" decoding=\"async\" src=\"http:\/\/www.ikopoland.com\/wp-content\/uploads\/2022\/05\/III-BBA-Siem-28052022.jpeg\" alt=\"\" class=\"wp-image-5399\" width=\"571\" height=\"658\" srcset=\"https:\/\/www.ikopoland.com\/wp-content\/uploads\/2022\/05\/III-BBA-Siem-28052022.jpeg 480w, https:\/\/www.ikopoland.com\/wp-content\/uploads\/2022\/05\/III-BBA-Siem-28052022-260x300.jpeg 260w\" sizes=\"auto, (max-width: 571px) 100vw, 571px\" \/><\/a><\/figure><\/div>\n\n\n\n<p><strong>Termin<\/strong>: 28.05.2022<br><strong>Miejsce<\/strong>: Kompleks Sportowy \u201eMicha\u0142\u201d, ul. Elizy Orzeszkowej 1, 41-103 Siemianowice \u015al\u0105skie<\/p>\n\n\n\n<p>Szczeg\u00f3\u0142y w za\u0142\u0105cznikach:<\/p>\n\n\n\n<div class=\"wp-block-file\"><a href=\"http:\/\/www.ikopoland.com\/wp-content\/uploads\/2022\/05\/III-Black-Belts-Seminar-2022.pdf\">III-Black-Belts-Seminar-2022<\/a><a href=\"http:\/\/www.ikopoland.com\/wp-content\/uploads\/2022\/05\/III-Black-Belts-Seminar-2022.pdf\" class=\"wp-block-file__button\" download>Pobierz<\/a><\/div>\n","protected":false},"excerpt":{"rendered":"<p>W dniu 28.05.2022 r w Siemianowicach \u015al\u0105skich odby\u0142a si\u0119 trzecia edycja Black Belt Seminar. Zgrupowanie by\u0142o przeznaczone dla posiadaczy czarnych pas\u00f3w, instruktor\u00f3w oraz zawodnik\u00f3w startuj\u0105cych w konkurencji kata senior. Trening obejmowa\u0142 kata po rekonstrukcji, bunkai oraz prawid\u0142owe wykonanie pod kontem &hellip; <a href=\"https:\/\/www.ikopoland.com\/en\/iii-black-belts-seminar-2022-28-25-2022-siemianowice-slaskie\/\">Continue reading <span class=\"meta-nav\">&rarr;<\/span><\/a><\/p>\n","protected":false},"author":5,"featured_media":5399,"comment_status":"closed","ping_status":"open","sticky":false,"template":"","format":"standard","meta":{"ngg_post_thumbnail":0,"footnotes":""},"categories":[9],"tags":[],"class_list":["post-5398","post","type-post","status-publish","format-standard","has-post-thumbnail","hentry","category-newsy"],"translation":{"provider":"WPGlobus","version":"3.0.0","language":"en","enabled_languages":["pl","en"],"languages":{"pl":{"title":true,"content":true,"excerpt":false},"en":{"title":false,"content":false,"excerpt":false}}},"_links":{"self":[{"href":"https:\/\/www.ikopoland.com\/en\/wp-json\/wp\/v2\/posts\/5398","targetHints":{"allow":["GET"]}}],"collection":[{"href":"https:\/\/www.ikopoland.com\/en\/wp-json\/wp\/v2\/posts"}],"about":[{"href":"https:\/\/www.ikopoland.com\/en\/wp-json\/wp\/v2\/types\/post"}],"author":[{"embeddable":true,"href":"https:\/\/www.ikopoland.com\/en\/wp-json\/wp\/v2\/users\/5"}],"replies":[{"embeddable":true,"href":"https:\/\/www.ikopoland.com\/en\/wp-json\/wp\/v2\/comments?post=5398"}],"version-history":[{"count":4,"href":"https:\/\/www.ikopoland.com\/en\/wp-json\/wp\/v2\/posts\/5398\/revisions"}],"predecessor-version":[{"id":5467,"href":"https:\/\/www.ikopoland.com\/en\/wp-json\/wp\/v2\/posts\/5398\/revisions\/5467"}],"wp:featuredmedia":[{"embeddable":true,"href":"https:\/\/www.ikopoland.com\/en\/wp-json\/wp\/v2\/media\/5399"}],"wp:attachment":[{"href":"https:\/\/www.ikopoland.com\/en\/wp-json\/wp\/v2\/media?parent=5398"}],"wp:term":[{"taxonomy":"category","embeddable":true,"href":"https:\/\/www.ikopoland.com\/en\/wp-json\/wp\/v2\/categories?post=5398"},{"taxonomy":"post_tag","embeddable":true,"href":"https:\/\/www.ikopoland.com\/en\/wp-json\/wp\/v2\/tags?post=5398"}],"curies":[{"name":"wp","href":"https:\/\/api.w.org\/{rel}","templated":true}]}}